{"id":1098,"date":"2018-11-26T15:31:40","date_gmt":"2018-11-26T14:31:40","guid":{"rendered":"https:\/\/www.asso-resppi.fr\/?p=1098"},"modified":"2018-12-01T15:09:31","modified_gmt":"2018-12-01T14:09:31","slug":"gerer-les-crises-chez-lenfant-de-0-a-3-ans","status":"publish","type":"post","link":"https:\/\/www.asso-resppi.fr\/index.php\/2018\/11\/26\/gerer-les-crises-chez-lenfant-de-0-a-3-ans\/","title":{"rendered":"G\u00e9rer les crises chez l&rsquo;enfant de 0 \u00e0 3 ans"},"content":{"rendered":"<h3><img loading=\"lazy\" decoding=\"async\" class=\" wp-image-702 alignright\" src=\"https:\/\/www.asso-resppi.fr\/wp-content\/uploads\/2018\/07\/petiteFille.jpg\" alt=\"\" width=\"274\" height=\"153\" \/><span style=\"color: #993366;\"><em>La phase du \u00ab\u00a0NON\u00a0\u00bb est une <a href=\"https:\/\/www.asso-resppi.fr\/index.php\/2018\/07\/06\/les-turbulences-de-la-periode-du-non-chez-le-petit-enfant\/\">\u00e9tape essentielle du d\u00e9veloppement du petit enfant.<\/a><\/em><\/span><\/h3>\n<ul>\n<li>Entre 0 et 3 ans, comment accompagner les crises ?<\/li>\n<li>Le jeu, un outil \u00e0 la port\u00e9e de chacun pour aider son enfant \u00e0 d\u00e9passer ses tensions\u00a0 ?<\/li>\n<\/ul>\n<p>Ce sera la question de notre prochain\u00a0 <a href=\"https:\/\/www.asso-resppi.fr\/index.php\/notre-actualite\/les-ptits-dej-entre-parents\/\"><strong>P\u2019tit D\u00e9j Entre-Parents,<\/strong><\/a> qui se d\u00e9roulera <strong>dimanche 2 d\u00e9cembre,<\/strong>\u00a0 \u00e0 la maison de quartier Madeleine Champ de mars, 22 rue \u00c9mile PEHANT\u00a0 <strong>entre 10h30 et 12h30.<\/strong><\/p>\n<p><strong>Annick et Marie-Annick<\/strong>, deux mamans du Res\u2019PPI, seront heureuses de vous accueillir pour partager votre v\u00e9cu et \u00e9voquer toutes vos questions ?<\/p>\n<p><strong><em>Si vous souhaitez b\u00e9n\u00e9ficier d\u2019une garde occasionnelle<\/em> <\/strong>pour vos petits derniers, merci de t\u00e9l\u00e9charger et de renseigner le bulletin d\u2019inscription : <a href=\"https:\/\/www.asso-resppi.fr\/wp-content\/uploads\/2018\/09\/BI_Entre-parents.pdf\">Cliquer ICI\u00a0<\/a><\/p>\n<p>Dans tous les cas, merci de signaler votre participation, soit par mail : <strong>asso.resppi@gmail.com<\/strong> ou par SMS au <strong>06 62 37 19 78<\/strong><\/p>\n","protected":false},"excerpt":{"rendered":"<p>La phase du \u00ab\u00a0NON\u00a0\u00bb est une \u00e9tape essentielle du d\u00e9veloppement du petit enfant. Entre 0 et 3 ans, comment accompagner les crises ? Le jeu, un outil \u00e0 la port\u00e9e de chacun pour aider son enfant \u00e0 d\u00e9passer ses tensions\u00a0 ? Ce sera la question de notre prochain\u00a0 P\u2019tit D\u00e9j Entre-Parents, qui se d\u00e9roulera dimanche [&hellip;]<\/p>\n","protected":false},"author":13,"featured_media":0,"comment_status":"open","ping_status":"open","sticky":false,"template":"","format":"standard","meta":{"footnotes":""},"categories":[1],"tags":[],"class_list":["post-1098","post","type-post","status-publish","format-standard","hentry","category-parentalite"],"_links":{"self":[{"href":"https:\/\/www.asso-resppi.fr\/index.php\/wp-json\/wp\/v2\/posts\/1098","targetHints":{"allow":["GET"]}}],"collection":[{"href":"https:\/\/www.asso-resppi.fr\/index.php\/wp-json\/wp\/v2\/posts"}],"about":[{"href":"https:\/\/www.asso-resppi.fr\/index.php\/wp-json\/wp\/v2\/types\/post"}],"author":[{"embeddable":true,"href":"https:\/\/www.asso-resppi.fr\/index.php\/wp-json\/wp\/v2\/users\/13"}],"replies":[{"embeddable":true,"href":"https:\/\/www.asso-resppi.fr\/index.php\/wp-json\/wp\/v2\/comments?post=1098"}],"version-history":[{"count":12,"href":"https:\/\/www.asso-resppi.fr\/index.php\/wp-json\/wp\/v2\/posts\/1098\/revisions"}],"predecessor-version":[{"id":1127,"href":"https:\/\/www.asso-resppi.fr\/index.php\/wp-json\/wp\/v2\/posts\/1098\/revisions\/1127"}],"wp:attachment":[{"href":"https:\/\/www.asso-resppi.fr\/index.php\/wp-json\/wp\/v2\/media?parent=1098"}],"wp:term":[{"taxonomy":"category","embeddable":true,"href":"https:\/\/www.asso-resppi.fr\/index.php\/wp-json\/wp\/v2\/categories?post=1098"},{"taxonomy":"post_tag","embeddable":true,"href":"https:\/\/www.asso-resppi.fr\/index.php\/wp-json\/wp\/v2\/tags?post=1098"}],"curies":[{"name":"wp","href":"https:\/\/api.w.org\/{rel}","templated":true}]}}