{"id":2032,"date":"2020-08-27T11:36:26","date_gmt":"2020-08-27T09:36:26","guid":{"rendered":"https:\/\/www.asso-resppi.fr\/?p=2032"},"modified":"2020-09-28T17:00:18","modified_gmt":"2020-09-28T15:00:18","slug":"a-resppi-cest-re-parti","status":"publish","type":"post","link":"https:\/\/www.asso-resppi.fr\/index.php\/2020\/08\/27\/a-resppi-cest-re-parti\/","title":{"rendered":"A Res&rsquo;PPI, c&rsquo;est re parti !"},"content":{"rendered":"<p><strong><span style=\"color: #333399;\"><em>Nous vous esp\u00e9rons toutes et tous en pleine forme, apr\u00e8s cet \u00e9t\u00e9 chaud et quelque peu singulier avec ce \u00ab\u00a0Coco le virus\u00a0\u00bb toujours en embuscade\u00a0!!<\/em><\/span><\/strong><\/p>\n<p>Pour commencer, nous vous proposons de vous retrouver en famille, d\u00e8s le <strong>12 septembre<\/strong>, pour un <strong><a href=\"https:\/\/www.asso-resppi.fr\/index.php\/2020\/08\/22\/limparfait\/\">\u00ab\u00a0Go\u00fbter-spectacle de rentr\u00e9e\u00a0\u00bb\u00a0<\/a>!<\/strong> \u00a0Une chouette fa\u00e7on de se retrouver entre parents et enfants autour d\u2019une petite le\u00e7on de d\u00e9sob\u00e9issance\u00a0: <strong>L\u2019IMPARFAIT\u00a0!<\/strong><\/p>\n<p>Ce sera pour tous ceux qui participeront, l\u2019occasion de rencontrer les parents b\u00e9n\u00e9voles du Res\u2019PPI et de d\u00e9couvrir l\u2019ensemble de nos actions programm\u00e9es jusqu\u2019\u00e0 fin d\u00e9cembre, dans le respect des mesures sanitaires en vigueur.<\/p>\n<h3><span style=\"color: #333399;\"><strong>Quoi de neuf pour cette rentr\u00e9e 2020\u00a0?<\/strong><\/span><\/h3>\n<ul>\n<li>Les <strong>groupes de paroles entre pairs<\/strong> reprennent du service, d\u00e8s le d\u00e9but du mois de septembre\u00a0!<\/li>\n<li>le <strong>6 septembre<\/strong>, pour la <strong><a href=\"https:\/\/www.asso-resppi.fr\/index.php\/notre-actualite\/entre-solos\/\">\u00ab\u00a0Tribu des Parents Solos\u00a0\u00bb<\/a>, <\/strong>\u00e0 la Maison de quartier Madeleine Champ de mars<\/li>\n<li>le <strong>27 septembre<\/strong>, pour la <strong><a href=\"https:\/\/www.asso-resppi.fr\/index.php\/la-tribu-des-parents-dados\/\">\u00ab\u00a0Tribu des Parents d\u2019ados\u00a0\u00bb<\/a>, <\/strong>avec un partenariat renforc\u00e9 avec l\u2019\u00e9quipe du studio 11\/15 de l\u2019Accoord<\/li>\n<\/ul>\n<p>Et\u00a0 le <strong>20 septembre<\/strong>, \u00e0 la demande de certains parents, un nouveau groupe est lanc\u00e9, quartier madeleine Champ de Mars\u00a0: <strong><a href=\"https:\/\/www.asso-resppi.fr\/index.php\/la-tribu-des-grands-parents\/\">la Tribu des grands parents<\/a><\/strong>\u00a0!<\/p>\n<ul>\n<li>A partir du mois d\u2019octobre, les rencontres <strong><a href=\"https:\/\/www.asso-resppi.fr\/index.php\/nos-actions\/entre-parents\/programme-semestriel\/\">\u00ab\u00a0Entre-Parents\u00a0\u00bb<\/a> <\/strong>se poursuivent au plus pr\u00e8s des attentes et besoins des parents, sur deux quartiers nantais, avec un partenariat renforc\u00e9 avec la Maison de Quartier de la Botti\u00e8re et une nouvelle collaboration avec l\u2019Espace d\u2019Animation Beaulieu.<\/li>\n<li>Enfin, les rencontres <strong><a href=\"https:\/\/www.asso-resppi.fr\/index.php\/nos-actions\/groupes-de-parole\/entre-papas\/\">\u00ab\u00a0Entre-Papas\u00a0\u00bb<\/a><\/strong> reprennent du service, en centre-ville, au studio 11\/15 de l\u2019Accoord, d\u00e8s <strong>le jeudi 24 septembre<\/strong>.<\/li>\n<\/ul>\n<p><strong>A ne pas manquer<\/strong> : le th\u00e8me du harc\u00e8lement en milieu scolaire, initialement pr\u00e9vu en mars dernier, sera travaill\u00e9 par l\u2019ensemble des groupes Res\u2019PPI, en octobre. Pour approfondir le sujet, les Parents Parfaitement Imparfaits invitent <strong>Marie-Claude MICHAUD<\/strong> R\u00e9f\u00e9rente D\u00e9partementale \u00ab harc\u00e8lement \u00bb \u00e0 l\u2019\u00c9ducation Nationale, <strong><a href=\"https:\/\/www.asso-resppi.fr\/index.php\/2020\/02\/17\/le-harcelement-scolaire-parlons-en-entre-parents\/\">le jeudi 15 octobre au studio 11\/15, pour une soir\u00e9e d\u00e9bat. <\/a>\u00a0<\/strong><\/p>\n<p><a href=\"https:\/\/www.asso-resppi.fr\/index.php\/2020\/08\/27\/a-resppi-cest-re-parti\/120109-information\/\" rel=\"attachment wp-att-2034\"><img loading=\"lazy\" decoding=\"async\" class=\"wp-image-2034 alignleft\" src=\"https:\/\/www.asso-resppi.fr\/wp-content\/uploads\/2020\/08\/120109-information-257x300.jpg\" alt=\"\" width=\"60\" height=\"70\" srcset=\"https:\/\/www.asso-resppi.fr\/wp-content\/uploads\/2020\/08\/120109-information-257x300.jpg 257w, https:\/\/www.asso-resppi.fr\/wp-content\/uploads\/2020\/08\/120109-information.jpg 288w\" sizes=\"auto, (max-width: 60px) 100vw, 60px\" \/><\/a><strong><span style=\"color: #ff0000;\"><em>Pour tout savoir sur l\u2019organisation de nos rencontres et pour vous inscrire, cliquer sur le lien correspondant au groupe de votre choix\u00a0!<\/em><\/span><\/strong><\/p>\n<p><!--more--><\/p>\n<h3><span style=\"color: #333399;\"><strong>Qu\u2019est ce qui change\u00a0?<\/strong><\/span><\/h3>\n<p>Quelques petites contraintes suppl\u00e9mentaires vont venir s\u2019ajouter \u00e0 nos r\u00e8gles de fonctionnement, pour pr\u00e9server le plaisir de partager nos exp\u00e9riences de parents, dans la bienveillance et le respect de chacun(e) ! <span style=\"color: #000000;\">A savoir\u00a0:<\/span><\/p>\n<ul>\n<li><strong><em><span style=\"color: #000000;\">port du masque obligatoire,<\/span><\/em><\/strong><\/li>\n<li><strong><em><span style=\"color: #000000;\">distance physique respect\u00e9e au sein des groupes de parents<\/span><\/em><\/strong><\/li>\n<li><strong><em><span style=\"color: #000000;\">gel hydro-alcoolique \u00e0 disposition<\/span><\/em><\/strong><\/li>\n<\/ul>\n<p>De fait, le respect de ces consignes, va nous obliger \u00e0 une plus grande rigueur dans la gestion du nombre de participants sur toutes les rencontres propos\u00e9es. Une <strong><span style=\"color: #ff0000;\">inscription pr\u00e9alable sera d\u00e9sormais indispensable<\/span><\/strong> pour vous accueillir dans les meilleures conditions.<\/p>\n<p>Il en sera de m\u00eame pour l\u2019accueil de vos enfants sur les garderies occasionnelles propos\u00e9es \u00e0 chaque rencontre. Aucun enfant ne pourra \u00eatre accueilli, s\u2019il n\u2019a pas \u00e9t\u00e9 pr\u00e9alablement inscrit.<\/p>\n<h3><span style=\"color: #333399;\"><strong>Quels sont les petits bonus de la rentr\u00e9e\u00a0?<\/strong><\/span><\/h3>\n<p>Durant le confinement, l\u2019utilisation des outils num\u00e9riques, nous a permis d\u2019\u00eatre r\u00e9actifs et\u00a0 de maintenir pratiquement toutes nos actions. La Visio s\u2019est impos\u00e9e \u00e0 nous, sans alt\u00e9rer pour autant\u00a0 la qualit\u00e9 de nos \u00e9changes entre pairs. Durant cette p\u00e9riode particuli\u00e8re, vous avez \u00e9t\u00e9 <strong>plus de 200 parents<\/strong> \u00e0 suivre l\u2019ensemble de nos rencontres en ligne.<\/p>\n<p>Alors, nous allons continuer ce mode de rencontres virtuelles, <strong>principalement sur les p\u00e9riodes de vacances scolaires<\/strong>, afin de vous lib\u00e9rer de tous d\u00e9placements contraignants.<\/p>\n<p>Par ailleurs, l\u2019ouverture du groupe public Facebook, <strong><em>\u00ab\u00a0Les Parents Parfaitement Imparfaits en confinement\u00a0\u00bb<\/em><\/strong> a r\u00e9uni \u00a0155 parents. \u00c7a a \u00e9t\u00e9 pour nous, une nouvelle fa\u00e7on d\u2019aller vers vous ! A travers ce groupe, nous avons fait conna\u00eetre Res\u2019PPI aupr\u00e8s d\u2019autres groupes d\u2019entraide entre parents de l\u2019agglom\u00e9ration et au-del\u00e0 (Cou\u00ebron, Basse\u2010Goulaine, Nantes, Saint S\u00e9bastien, Saint Nazaire, Treill\u00e8res, etc.).<\/p>\n<p>Alors, en septembre, on continue\u00a0!<\/p>\n<ul>\n<li>le \u00a0groupe public Facebook change de nom, il devient <strong><a href=\"https:\/\/www.facebook.com\/groups\/2495633290689636\">\u00ab\u00a0Le\u00a0Forum des Parents Parfaitement Imparfaits\u00a0\u00bb<\/a><\/strong><\/li>\n<li>Les groupes priv\u00e9s <a href=\"https:\/\/www.facebook.com\/groups\/260625031527665\"><strong>\u00ab\u00a0Entre-parents\u00a0\u00bb,<\/strong><\/a> \u00ab\u00a0<strong><a href=\"https:\/\/www.facebook.com\/groups\/617257808708438\">Entre papas\u00a0<\/a><\/strong>\u00bb, \u00ab\u00a0<strong><a href=\"https:\/\/www.facebook.com\/groups\/433080077349440\">Tribu des solos\u00a0<\/a><\/strong>\u00bb <strong><a href=\"https:\/\/www.facebook.com\/groups\/2587958361424541\">\u00ab\u00a0Tribu des parents d\u2019ados\u00a0\u00bb,<\/a><\/strong> anim\u00e9s par les b\u00e9n\u00e9voles, r\u00e9f\u00e9rents de ces actions pour Res\u2019PPI, seront propos\u00e9s uniquement \u00e0 toutes celles et ceux qui participent ou ont particip\u00e9 aux rencontres de Res\u2019PPI, afin de poursuivre la r\u00e9flexion en cours entre deux r\u00e9unions et partager des ressources communes.<\/li>\n<\/ul>\n<p>Dans l\u2019attente de vous retrouver nombreux, d\u00e8s le <strong><a href=\"https:\/\/www.asso-resppi.fr\/index.php\/2020\/08\/22\/limparfait\/\">12 septembre<\/a><\/strong>, toute l\u2019\u00e9quipe de Res\u2019PPI vous souhaite une bonne rentr\u00e9e\u00a0! Mais surtout, prenez soin de vous\u00a0!<\/p>\n","protected":false},"excerpt":{"rendered":"<p>Nous vous esp\u00e9rons toutes et tous en pleine forme, apr\u00e8s cet \u00e9t\u00e9 chaud et quelque peu singulier avec ce \u00ab\u00a0Coco le virus\u00a0\u00bb toujours en embuscade\u00a0!! Pour commencer, nous vous proposons de vous retrouver en famille, d\u00e8s le 12 septembre, pour un \u00ab\u00a0Go\u00fbter-spectacle de rentr\u00e9e\u00a0\u00bb\u00a0! \u00a0Une chouette fa\u00e7on de se retrouver entre parents et enfants autour [&hellip;]<\/p>\n","protected":false},"author":2,"featured_media":2033,"comment_status":"open","ping_status":"open","sticky":false,"template":"","format":"standard","meta":{"footnotes":""},"categories":[1],"tags":[],"class_list":["post-2032","post","type-post","status-publish","format-standard","has-post-thumbnail","hentry","category-parentalite"],"_links":{"self":[{"href":"https:\/\/www.asso-resppi.fr\/index.php\/wp-json\/wp\/v2\/posts\/2032","targetHints":{"allow":["GET"]}}],"collection":[{"href":"https:\/\/www.asso-resppi.fr\/index.php\/wp-json\/wp\/v2\/posts"}],"about":[{"href":"https:\/\/www.asso-resppi.fr\/index.php\/wp-json\/wp\/v2\/types\/post"}],"author":[{"embeddable":true,"href":"https:\/\/www.asso-resppi.fr\/index.php\/wp-json\/wp\/v2\/users\/2"}],"replies":[{"embeddable":true,"href":"https:\/\/www.asso-resppi.fr\/index.php\/wp-json\/wp\/v2\/comments?post=2032"}],"version-history":[{"count":6,"href":"https:\/\/www.asso-resppi.fr\/index.php\/wp-json\/wp\/v2\/posts\/2032\/revisions"}],"predecessor-version":[{"id":2042,"href":"https:\/\/www.asso-resppi.fr\/index.php\/wp-json\/wp\/v2\/posts\/2032\/revisions\/2042"}],"wp:featuredmedia":[{"embeddable":true,"href":"https:\/\/www.asso-resppi.fr\/index.php\/wp-json\/wp\/v2\/media\/2033"}],"wp:attachment":[{"href":"https:\/\/www.asso-resppi.fr\/index.php\/wp-json\/wp\/v2\/media?parent=2032"}],"wp:term":[{"taxonomy":"category","embeddable":true,"href":"https:\/\/www.asso-resppi.fr\/index.php\/wp-json\/wp\/v2\/categories?post=2032"},{"taxonomy":"post_tag","embeddable":true,"href":"https:\/\/www.asso-resppi.fr\/index.php\/wp-json\/wp\/v2\/tags?post=2032"}],"curies":[{"name":"wp","href":"https:\/\/api.w.org\/{rel}","templated":true}]}}