{"id":2230,"date":"2022-04-15T19:51:39","date_gmt":"2022-04-15T17:51:39","guid":{"rendered":"https:\/\/www.asso-resppi.fr\/?p=2230"},"modified":"2022-04-16T11:55:43","modified_gmt":"2022-04-16T09:55:43","slug":"ateliers-dechanges-entre-parents-dados","status":"publish","type":"post","link":"https:\/\/www.asso-resppi.fr\/index.php\/2022\/04\/15\/ateliers-dechanges-entre-parents-dados\/","title":{"rendered":"Ateliers d\u2019Echanges Entre Parents d\u2019Ados"},"content":{"rendered":"<p>Les parents du collectif Res\u2019PPI et des parents de la communaut\u00e9 de communes Estuaire et Sillon, proposent une s\u00e9rie de 3 rencontres gratuites<\/p>\n<h3 style=\"text-align: center;\"><span style=\"color: #993366;\"><strong>\u00ab\u00a0Les Ateliers d\u2019Echanges Entre Parents d\u2019Ados\u00a0\u00bb<\/strong><\/span><\/h3>\n<h4><span style=\"color: #993366;\"><em><strong>Pourquoi ?<\/strong><\/em><\/span><\/h4>\n<p>A la fin de l\u2019automne 2021, le collectif Res\u2019PPI \u00e9tait invit\u00e9 par les coordinateurs des espaces jeunes de la communaut\u00e9 de communes Estuaire et Sillon, pour une soir\u00e9e d\u2019\u00e9changes avec des parents d\u2019ados. Une trentaine de parents ont particip\u00e9 \u00e0 cette rencontre et certains d&rsquo;entre eux ont souhait\u00e9 poursuivre l\u2019aventure avec Res\u2019PPI.<\/p>\n<p>Grace \u00e0 l\u2019\u00e9nergie mobilis\u00e9e par deux mamans d\u2019ados, <strong>Anne et\u00a0Sol\u00e8ne,<\/strong> et au soutien de la commune de <strong>Malville<\/strong>, qui met gratuitement \u00e0 notre disposition des salles pour nous r\u00e9unir, nous vous avons concoct\u00e9 un programme de trois ateliers, centr\u00e9s sur les questions pos\u00e9es par les participants \u00e0 cette soir\u00e9e.<\/p>\n<h4><span style=\"color: #993366;\"><em><strong>Quand et avec quelles questions ?<\/strong><\/em><\/span><\/h4>\n<ul>\n<li><strong><u>Mardi 26 avril &#8211; 19h30 \u00e0 21h30\u00a0 : <\/u><em>Comment communiquer autrement avec nos ados, pour am\u00e9liorer nos relations au quotidien\u00a0?<\/em><\/strong><\/li>\n<li><em>\u00a0<\/em><strong><u>Mardi 24 mai \u2013 19h30 \u00e0 21h30 : <\/u><em>Comment accompagner nos ados, dans une utilisation responsable des \u00e9crans ? <\/em><\/strong><em>Avec Guillaume DORAI\u00a0 fondateur de <a href=\"https:\/\/www.login-prevention.fr\/\">LOG\u2019in-pr\u00e9vention<\/a> , dans une approche interactive et non moralisatrice\u00a0!<\/em><\/li>\n<li><strong><u>Mercredi 22 juin \u2013 19h30 \u00e0 21h30 : <\/u><em>Comment exercer son autorit\u00e9 parentale avec un adolescent ? <\/em><\/strong><em><strong>Que faire, quand il\/elle conteste nos d\u00e9cisions de parents\u00a0?<\/strong><\/em><\/li>\n<\/ul>\n<h4><span style=\"color: #993366;\"><em><strong>Comment ?<\/strong><\/em><\/span><\/h4>\n<p>Toutes les rencontres sont gratuites, uniquement sur inscription pr\u00e9alable par mail : <a href=\"mailto:asso.resppi@gmail.com\">asso.resppi@gmail.com<\/a><\/p>\n<p style=\"text-align: center;\"><span style=\"color: #993366;\"><strong>INSCRIVEZ-VOUS AU PLUS VITE, POUR 1 ou 2 ou les 3 ATELIERS !<\/strong><\/span><\/p>\n<p>Tous les ateliers ont\u00a0 lieu \u00e0 l\u2019<strong>Espace THALWEG<\/strong> : <strong><u>salle du Figuier<\/u><\/strong>, 8 place de l\u2019\u00e9glise \u00e0 Malville<\/p>\n<p>Et comme d\u2019habitude, <strong><em>on peut garder gratuitement vos plus petits durant toute la dur\u00e9e des \u00e9changes !<\/em><\/strong><\/p>\n<p style=\"text-align: center;\"><span style=\"color: #993366;\"><strong>MERCI DE NOUS PR\u00c9CISER LE NOMBRE ET L&rsquo;AGE DES ENFANTS A GARDER !<\/strong><\/span><\/p>\n<p>Au plaisir de vous y accueillir nombreux !<\/p>\n<p>[wpforms id=\u00a0\u00bb1593&Prime; title=\u00a0\u00bbfalse\u00a0\u00bb]<\/p>\n<p>&nbsp;<\/p>\n","protected":false},"excerpt":{"rendered":"<p>Les parents du collectif Res\u2019PPI et des parents de la communaut\u00e9 de communes Estuaire et Sillon, proposent une s\u00e9rie de 3 rencontres gratuites \u00ab\u00a0Les Ateliers d\u2019Echanges Entre Parents d\u2019Ados\u00a0\u00bb Pourquoi ? A la fin de l\u2019automne 2021, le collectif Res\u2019PPI \u00e9tait invit\u00e9 par les coordinateurs des espaces jeunes de la communaut\u00e9 de communes Estuaire et [&hellip;]<\/p>\n","protected":false},"author":2,"featured_media":2231,"comment_status":"open","ping_status":"open","sticky":false,"template":"","format":"standard","meta":{"footnotes":""},"categories":[4],"tags":[],"class_list":["post-2230","post","type-post","status-publish","format-standard","has-post-thumbnail","hentry","category-adolescence"],"_links":{"self":[{"href":"https:\/\/www.asso-resppi.fr\/index.php\/wp-json\/wp\/v2\/posts\/2230","targetHints":{"allow":["GET"]}}],"collection":[{"href":"https:\/\/www.asso-resppi.fr\/index.php\/wp-json\/wp\/v2\/posts"}],"about":[{"href":"https:\/\/www.asso-resppi.fr\/index.php\/wp-json\/wp\/v2\/types\/post"}],"author":[{"embeddable":true,"href":"https:\/\/www.asso-resppi.fr\/index.php\/wp-json\/wp\/v2\/users\/2"}],"replies":[{"embeddable":true,"href":"https:\/\/www.asso-resppi.fr\/index.php\/wp-json\/wp\/v2\/comments?post=2230"}],"version-history":[{"count":10,"href":"https:\/\/www.asso-resppi.fr\/index.php\/wp-json\/wp\/v2\/posts\/2230\/revisions"}],"predecessor-version":[{"id":2237,"href":"https:\/\/www.asso-resppi.fr\/index.php\/wp-json\/wp\/v2\/posts\/2230\/revisions\/2237"}],"wp:featuredmedia":[{"embeddable":true,"href":"https:\/\/www.asso-resppi.fr\/index.php\/wp-json\/wp\/v2\/media\/2231"}],"wp:attachment":[{"href":"https:\/\/www.asso-resppi.fr\/index.php\/wp-json\/wp\/v2\/media?parent=2230"}],"wp:term":[{"taxonomy":"category","embeddable":true,"href":"https:\/\/www.asso-resppi.fr\/index.php\/wp-json\/wp\/v2\/categories?post=2230"},{"taxonomy":"post_tag","embeddable":true,"href":"https:\/\/www.asso-resppi.fr\/index.php\/wp-json\/wp\/v2\/tags?post=2230"}],"curies":[{"name":"wp","href":"https:\/\/api.w.org\/{rel}","templated":true}]}}