{"id":2292,"date":"2023-02-14T15:51:25","date_gmt":"2023-02-14T14:51:25","guid":{"rendered":"https:\/\/www.asso-resppi.fr\/?p=2292"},"modified":"2023-02-14T17:47:22","modified_gmt":"2023-02-14T16:47:22","slug":"la-lecture-des-jeunes-generations-en-question","status":"publish","type":"post","link":"https:\/\/www.asso-resppi.fr\/index.php\/2023\/02\/14\/la-lecture-des-jeunes-generations-en-question\/","title":{"rendered":"La lecture des jeunes g\u00e9n\u00e9rations en question !"},"content":{"rendered":"<p>Pour le premier parcours de l\u2019ann\u00e9e, RES\u2019PPI+ s\u2019associe ainsi d\u00e8s le mois de mars avec le <a href=\"https:\/\/loeildumonde.fr\/festival\/\">Festival L\u2019\u0153il du Monde.<\/a> D\u00e9di\u00e9 \u00e0 la lecture jeunesse (0-15 ans), cette manifestation multiculturelle port\u00e9e par les \u00c9ditions MeMo et soutenue par la Ville de Nantes, la R\u00e9gion Pays de la Loire et la DRAC, se d\u00e9roule du 25 mars au 23 avril au Lieu Unique et dans 40 biblioth\u00e8ques partenaires.<\/p>\n<p>Pourquoi lire est important pour le d\u00e9veloppement intellectuel mais aussi social\u00a0de mon enfant ? Comment accompagner son entr\u00e9e dans la lecture\u00a0? Quels livres proposer\u00a0? Comment partager le go\u00fbt de la lecture avec mon petit-fils\u00a0ou ma petite fille ? Ce sont sur tous ces sujets, et bien d\u2019autres encore, que nous vous invitons \u00e0 d\u00e9battre au cours des rencontres RES\u2019PPI+.<\/p>\n<p style=\"text-align: center;\"><strong>Rendez-vous le dimanche 12 mars, de 11h00 \u00e0 15h00<\/strong><\/p>\n<p style=\"text-align: center;\"><strong>Maison de Quartier Madeleine Champ de Mars &#8211; 22 rue Emile PEHAN\u00a0 44000 Nantes<\/strong><\/p>\n<p style=\"text-align: center;\"><strong>Transports en commun<\/strong>\u00a0: Ligne C2, C3, C5 : arr\u00eat Monteil Ligne 2 : arr\u00eat H\u00f4tel Dieu<\/p>\n<p>L\u2019int\u00e9gralit\u00e9 de ce parcours sera pr\u00e9sent\u00e9e \u00e0 l\u2019occasion d\u2019un brunch le dimanche 12 mars (participation gratuite sur inscription \u2013<a href=\"https:\/\/www.helloasso.com\/associations\/res-ppi-le-reseau-des-parents-parfaitement-imparfaits\/evenements\/brunch-en-famille\">Lien-Helloasso<\/a>)<\/p>\n<p>Nous y recueillerons vos attentes et questions autour de ce large th\u00e8me. Nous esp\u00e9rons vous y voir nombreux\u00a0!<\/p>\n<p>&nbsp;<\/p>\n","protected":false},"excerpt":{"rendered":"<p>Pour le premier parcours de l\u2019ann\u00e9e, RES\u2019PPI+ s\u2019associe ainsi d\u00e8s le mois de mars avec le Festival L\u2019\u0153il du Monde. D\u00e9di\u00e9 \u00e0 la lecture jeunesse (0-15 ans), cette manifestation multiculturelle port\u00e9e par les \u00c9ditions MeMo et soutenue par la Ville de Nantes, la R\u00e9gion Pays de la Loire et la DRAC, se d\u00e9roule du 25 [&hellip;]<\/p>\n","protected":false},"author":2,"featured_media":2293,"comment_status":"open","ping_status":"open","sticky":false,"template":"","format":"standard","meta":{"footnotes":""},"categories":[3],"tags":[],"class_list":["post-2292","post","type-post","status-publish","format-standard","has-post-thumbnail","hentry","category-resppi"],"_links":{"self":[{"href":"https:\/\/www.asso-resppi.fr\/index.php\/wp-json\/wp\/v2\/posts\/2292","targetHints":{"allow":["GET"]}}],"collection":[{"href":"https:\/\/www.asso-resppi.fr\/index.php\/wp-json\/wp\/v2\/posts"}],"about":[{"href":"https:\/\/www.asso-resppi.fr\/index.php\/wp-json\/wp\/v2\/types\/post"}],"author":[{"embeddable":true,"href":"https:\/\/www.asso-resppi.fr\/index.php\/wp-json\/wp\/v2\/users\/2"}],"replies":[{"embeddable":true,"href":"https:\/\/www.asso-resppi.fr\/index.php\/wp-json\/wp\/v2\/comments?post=2292"}],"version-history":[{"count":6,"href":"https:\/\/www.asso-resppi.fr\/index.php\/wp-json\/wp\/v2\/posts\/2292\/revisions"}],"predecessor-version":[{"id":2301,"href":"https:\/\/www.asso-resppi.fr\/index.php\/wp-json\/wp\/v2\/posts\/2292\/revisions\/2301"}],"wp:featuredmedia":[{"embeddable":true,"href":"https:\/\/www.asso-resppi.fr\/index.php\/wp-json\/wp\/v2\/media\/2293"}],"wp:attachment":[{"href":"https:\/\/www.asso-resppi.fr\/index.php\/wp-json\/wp\/v2\/media?parent=2292"}],"wp:term":[{"taxonomy":"category","embeddable":true,"href":"https:\/\/www.asso-resppi.fr\/index.php\/wp-json\/wp\/v2\/categories?post=2292"},{"taxonomy":"post_tag","embeddable":true,"href":"https:\/\/www.asso-resppi.fr\/index.php\/wp-json\/wp\/v2\/tags?post=2292"}],"curies":[{"name":"wp","href":"https:\/\/api.w.org\/{rel}","templated":true}]}}