{"id":683,"date":"2018-07-06T11:45:46","date_gmt":"2018-07-06T09:45:46","guid":{"rendered":"https:\/\/www.asso-resppi.fr\/?p=683"},"modified":"2018-07-23T18:22:46","modified_gmt":"2018-07-23T16:22:46","slug":"les-turbulences-de-la-periode-du-non-chez-le-petit-enfant","status":"publish","type":"post","link":"https:\/\/www.asso-resppi.fr\/index.php\/2018\/07\/06\/les-turbulences-de-la-periode-du-non-chez-le-petit-enfant\/","title":{"rendered":"Les turbulences de la p\u00e9riode du&#8230;NON  ! chez le petit enfant ."},"content":{"rendered":"<h2><em><span style=\"color: #993366;\">Son mot favori : NON<\/span><\/em><img loading=\"lazy\" decoding=\"async\" class=\"alignnone size-full wp-image-702 alignright\" src=\"https:\/\/www.asso-resppi.fr\/wp-content\/uploads\/2018\/07\/petiteFille.jpg\" alt=\"\" width=\"297\" height=\"166\" \/><\/h2>\n<p><strong><i>Vers deux ans, votre tout-petit commence \u00e0 parler et le mot \u00ab\u00a0<span style=\"color: #993366;\">non\u00a0\u00bb<\/span> revient tr\u00e8s souvent dans sa bouche.<\/i><\/strong><\/p>\n<p><strong><i>Votre enfant commence tout juste \u00e0 parler qu&rsquo;il se prend de passion pour ce mot si bref \u2026 Une seule syllabe et tant de pouvoir !\u00a0<\/i><\/strong><\/p>\n<p><strong><i>Comment cela se manifeste ?<\/i><\/strong><\/p>\n<p><b><i>Pourquoi c&rsquo;est bon signe ?<span style=\"text-align: right; color: #333333; text-indent: 0px; letter-spacing: normal; font-size: 16px; font-style: normal; font-variant: normal; text-decoration: none; float: none; background-color: transparent;\">\u00a0\u00a0<\/span>\u00a0 <\/i><\/b><\/p>\n<p><strong><i>Comment r\u00e9agir ?<\/i><\/strong><\/p>\n<ul>\n<li><span style=\"background-color: transparent; color: #333333; float: none; font-size: 16px; font-variant: normal; font-weight: 400; letter-spacing: normal; text-align: right; text-decoration: none; text-indent: 0px;\">Prendre le temps de s&rsquo;observer<\/span>.<\/li>\n<li>\u00c9couter l&rsquo;\u00e9cho de nos \u00ab\u00a0non\u00a0\u00bb.<\/li>\n<li>Prendre acte de son d\u00e9sir.<\/li>\n<li>Choisir ses batailles.<\/li>\n<li>Le faire r\u00e9fl\u00e9chir.<\/li>\n<li>Contourner l&rsquo;usage de l&rsquo;imp\u00e9ratif.<\/li>\n<li>Le mettre en position de d\u00e9cider.<\/li>\n<li>\u00c9viter de faire \u00e0 sa place ce qu&rsquo;il peut faire.<\/li>\n<\/ul>\n<p>Garder en t\u00eate qu&rsquo;il n&rsquo;y a pas de recette miracle. Cette p\u00e9riode du \u00ab\u00a0non\u00a0\u00bb in\u00e9vitable et essentielle pour le d\u00e9veloppement de votre enfant est parfois \u00e9prouvante. Le\u00a0 magazine POPI fait le point dans son suppl\u00e9ment\u00a0 pour les parents.<\/p>\n<p><a href=\"https:\/\/www.popi.fr\/cahier-parents\/periode-du-non-comment-reagir\">Lire l&rsquo;article sur Bayard-jeunesse.com. d&rsquo;avril 2018 .<\/a><\/p>\n<p>Les maternelles (France ) ont consacr\u00e9 un dossier \u00e0 ce sujet, avec des mamans qui t\u00e9moignent et une invit\u00e9e Isabelle FILLOZAT<\/p>\n<p>A regarder <a href=\"https:\/\/www.youtube.com\/watch?v=3E26hfJo9iM\">en ligne<\/a> au plus vite<\/p>\n","protected":false},"excerpt":{"rendered":"<p>Son mot favori : NON Vers deux ans, votre tout-petit commence \u00e0 parler et le mot \u00ab\u00a0non\u00a0\u00bb revient tr\u00e8s souvent dans sa bouche. Votre enfant commence tout juste \u00e0 parler qu&rsquo;il se prend de passion pour ce mot si bref \u2026 Une seule syllabe et tant de pouvoir !\u00a0 Comment cela se manifeste ? Pourquoi [&hellip;]<\/p>\n","protected":false},"author":13,"featured_media":0,"comment_status":"open","ping_status":"open","sticky":false,"template":"","format":"standard","meta":{"footnotes":""},"categories":[1],"tags":[],"class_list":["post-683","post","type-post","status-publish","format-standard","hentry","category-parentalite"],"_links":{"self":[{"href":"https:\/\/www.asso-resppi.fr\/index.php\/wp-json\/wp\/v2\/posts\/683","targetHints":{"allow":["GET"]}}],"collection":[{"href":"https:\/\/www.asso-resppi.fr\/index.php\/wp-json\/wp\/v2\/posts"}],"about":[{"href":"https:\/\/www.asso-resppi.fr\/index.php\/wp-json\/wp\/v2\/types\/post"}],"author":[{"embeddable":true,"href":"https:\/\/www.asso-resppi.fr\/index.php\/wp-json\/wp\/v2\/users\/13"}],"replies":[{"embeddable":true,"href":"https:\/\/www.asso-resppi.fr\/index.php\/wp-json\/wp\/v2\/comments?post=683"}],"version-history":[{"count":12,"href":"https:\/\/www.asso-resppi.fr\/index.php\/wp-json\/wp\/v2\/posts\/683\/revisions"}],"predecessor-version":[{"id":715,"href":"https:\/\/www.asso-resppi.fr\/index.php\/wp-json\/wp\/v2\/posts\/683\/revisions\/715"}],"wp:attachment":[{"href":"https:\/\/www.asso-resppi.fr\/index.php\/wp-json\/wp\/v2\/media?parent=683"}],"wp:term":[{"taxonomy":"category","embeddable":true,"href":"https:\/\/www.asso-resppi.fr\/index.php\/wp-json\/wp\/v2\/categories?post=683"},{"taxonomy":"post_tag","embeddable":true,"href":"https:\/\/www.asso-resppi.fr\/index.php\/wp-json\/wp\/v2\/tags?post=683"}],"curies":[{"name":"wp","href":"https:\/\/api.w.org\/{rel}","templated":true}]}}